{"id":1,"date":"2022-12-29T10:17:57","date_gmt":"2022-12-29T09:17:57","guid":{"rendered":"https:\/\/moulindereflexion.com\/?p=1"},"modified":"2023-01-12T16:32:21","modified_gmt":"2023-01-12T15:32:21","slug":"hallo-welt","status":"publish","type":"post","link":"https:\/\/moulindereflexion.com\/fr\/2022\/12\/29\/hallo-welt\/","title":{"rendered":"\u00dcber Lernen und Ged\u00e4chtnis 1"},"content":{"rendered":"<p>Da ich mich in meinem Berufsleben als Forscher und Dozent mehrere Jahrzehnte lang mit Kognitionspsychologie und haupts\u00e4chlich mit den Themen Lernen und Ged\u00e4chtnis befasst habe, liegt es nahe, dass ich auch hier gelegentlich \u00fcber dieses Thema reflektiere. Dabei versuche ich, ausgehend von Beobachtungen aus dem Alltag, Hinweise zur Umsetzung von effizienten Lernprozessen zu geben (und allenfalls mit einer kurzen Darstellung von Forschungsergebnissen zu illustrieren).<\/p>\n\n\n\n<p>Gelegentlich beobachte ich das Ph\u00e4nomen, dass Lernprozesse zu fr\u00fch abgebrochen werden. Stellen Sie sich vor, Sie \u00fcben auf Ihrem Musikinstrument ein St\u00fcck ein und eine Passage, etwa ein Lauf mit schnellen Sechzehntel-Noten oder eine rhythmisch schwierige Phrase, bereitet Ihnen Schwierigkeiten. Oder: Eine Passage, die sie zwar allein gut beherrschen, gelingt beim Zusammenspiel im Ensemble nicht gut. Also, wird diese Passage wiederholt, meistens solange, bis sie ein erstes Mal hinl\u00e4nglich gut gelingt; anschliessend wird das St\u00fcck fortgesetzt und es wird angenommen, beim n\u00e4chsten Mal w\u00fcrde die schwierige Passage gelingen. Was allerdings oft nicht der Fall ist. Effizienter w\u00e4re es deshalb, nach einem ersten, hinreichend guten Durchlauf, die Repetition der Passage nochmals, vielleicht sogar noch zweimal, fortzuf\u00fchren, um das Gelernte zu konsolidieren.<\/p>\n\n\n\n<p>Der dargestellte Aspekt wird in der Lernforschung als Selbstregulation bezeichnet, denn es geht ja darum, wie der\/die Lernende (oder das Ensemble) den Lernprozess reguliert, weiterf\u00fchrt oder abbricht. Dazu gibt es eine interessante Untersuchung zum Lernen von Vokabeln einer Fremdsprache, welche in der n\u00e4chsten Reflexion zum Thema Lernen und Ged\u00e4chtnis dargestellt wird.&nbsp;<\/p>\n\n\n\n<p> <\/p>","protected":false},"excerpt":{"rendered":"<p>Da ich mich in meinem Berufsleben als Forscher und Dozent mehrere Jahrzehnte lang mit Kognitionspsychologie und haupts\u00e4chlich mit den Themen Lernen und Ged\u00e4chtnis befasst habe, liegt es nahe, dass ich auch hier gelegentlich \u00fcber dieses Thema reflektiere. Dabei versuche ich, &hellip; <a href=\"https:\/\/moulindereflexion.com\/fr\/2022\/12\/29\/hallo-welt\/\">Continuer la lecture <span class=\"meta-nav\">&rarr;<\/span><\/a><\/p>","protected":false},"author":2,"featured_media":0,"comment_status":"closed","ping_status":"closed","sticky":false,"template":"","format":"standard","meta":{"ngg_post_thumbnail":0,"footnotes":""},"categories":[23,4],"tags":[],"class_list":["post-1","post","type-post","status-publish","format-standard","hentry","category-lernen-und-gedaechtnis","category-reflexionen"],"_links":{"self":[{"href":"https:\/\/moulindereflexion.com\/fr\/wp-json\/wp\/v2\/posts\/1","targetHints":{"allow":["GET"]}}],"collection":[{"href":"https:\/\/moulindereflexion.com\/fr\/wp-json\/wp\/v2\/posts"}],"about":[{"href":"https:\/\/moulindereflexion.com\/fr\/wp-json\/wp\/v2\/types\/post"}],"author":[{"embeddable":true,"href":"https:\/\/moulindereflexion.com\/fr\/wp-json\/wp\/v2\/users\/2"}],"replies":[{"embeddable":true,"href":"https:\/\/moulindereflexion.com\/fr\/wp-json\/wp\/v2\/comments?post=1"}],"version-history":[{"count":8,"href":"https:\/\/moulindereflexion.com\/fr\/wp-json\/wp\/v2\/posts\/1\/revisions"}],"predecessor-version":[{"id":438,"href":"https:\/\/moulindereflexion.com\/fr\/wp-json\/wp\/v2\/posts\/1\/revisions\/438"}],"wp:attachment":[{"href":"https:\/\/moulindereflexion.com\/fr\/wp-json\/wp\/v2\/media?parent=1"}],"wp:term":[{"taxonomy":"category","embeddable":true,"href":"https:\/\/moulindereflexion.com\/fr\/wp-json\/wp\/v2\/categories?post=1"},{"taxonomy":"post_tag","embeddable":true,"href":"https:\/\/moulindereflexion.com\/fr\/wp-json\/wp\/v2\/tags?post=1"}],"curies":[{"name":"wp","href":"https:\/\/api.w.org\/{rel}","templated":true}]}}